{"id":1007,"date":"2021-08-05T16:01:36","date_gmt":"2021-08-05T21:01:36","guid":{"rendered":"https:\/\/www.ukawesxnasacxhab.org\/?p=1007"},"modified":"2021-08-05T16:01:36","modified_gmt":"2021-08-05T21:01:36","slug":"la-asociacion-de-cabildos-indigenas-de-caldono-solicita-el-siguiente-perfil-para-realizar-una-gira-tecnica-en-cultivos-de-mora-de-castilla","status":"publish","type":"post","link":"https:\/\/www.ukawesxnasacxhab.org\/?p=1007","title":{"rendered":"La Asociaci\u00f3n de Cabildos Indigenas de Caldono solicita el siguiente perfil para realizar una GIRA T\u00c9CNICA en cultivos de mora de Castilla."},"content":{"rendered":"\n<p>Invita a todas las personas naturales y juridicas que cumplan con los requisitos a presentar sus propuestas.<\/p>\n\n\n\n<p>OBJETO DE LA CONVOCATORIA<\/p>\n\n\n\n<p>Contratar un profesional, t\u00e9cnico, tecn\u00f3logo en \u00e1reas sociales, econ\u00f3micas y afines para realizar de Capacitaci\u00f3n Fortalecimiento de la organizaci\u00f3n (visi\u00f3n, liderazgo, gesti\u00f3n de conflicto y plan de comunicaci\u00f3n interno) en el marco del proyecto \u00abFORTALECIMIENTO DE LAS CAPACIDADES T\u00c9CNICAS PRODUCTIVAS, SOSTENIBLES Y ECON\u00d3MICAS DE LAS FAMILIAS INDIGENAS PRODUCTORAS DE MORA EN EL MUNICIPIO DE CALDONO, CAUCA\u00bb.<\/p>\n\n\n\n<div class=\"wp-block-jetpack-tiled-gallery aligncenter is-style-rectangular\"><div class=\"tiled-gallery__gallery\"><div class=\"tiled-gallery__row\"><div class=\"tiled-gallery__col\" style=\"flex-basis:33.19233%\"><figure class=\"tiled-gallery__item\"><img decoding=\"async\" alt=\"\" data-height=\"2560\" data-id=\"1008\" data-link=\"https:\/\/www.ukawesxnasacxhab.org\/?attachment_id=1008\" data-url=\"https:\/\/www.ukawesxnasacxhab.org\/wp-content\/uploads\/2021\/08\/TapScanner-05-08-2021-15.552-scaled.jpg\" data-width=\"2182\" src=\"https:\/\/i2.wp.com\/www.ukawesxnasacxhab.org\/wp-content\/uploads\/2021\/08\/TapScanner-05-08-2021-15.552-scaled.jpg?ssl=1\" data-amp-layout=\"responsive\"\/><\/figure><\/div><div class=\"tiled-gallery__col\" style=\"flex-basis:32.05926%\"><figure class=\"tiled-gallery__item\"><img decoding=\"async\" alt=\"\" data-height=\"2560\" data-id=\"1009\" data-link=\"https:\/\/www.ukawesxnasacxhab.org\/?attachment_id=1009\" data-url=\"https:\/\/www.ukawesxnasacxhab.org\/wp-content\/uploads\/2021\/08\/TapScanner-05-08-2021-15.5512-scaled.jpg\" data-width=\"2107\" src=\"https:\/\/i0.wp.com\/www.ukawesxnasacxhab.org\/wp-content\/uploads\/2021\/08\/TapScanner-05-08-2021-15.5512-scaled.jpg?ssl=1\" data-amp-layout=\"responsive\"\/><\/figure><\/div><div class=\"tiled-gallery__col\" style=\"flex-basis:34.74841%\"><figure class=\"tiled-gallery__item\"><img decoding=\"async\" alt=\"\" data-height=\"2560\" data-id=\"1010\" data-link=\"https:\/\/www.ukawesxnasacxhab.org\/?attachment_id=1010\" data-url=\"https:\/\/www.ukawesxnasacxhab.org\/wp-content\/uploads\/2021\/08\/TapScanner-05-08-2021-15.5522-scaled.jpg\" data-width=\"2285\" src=\"https:\/\/i0.wp.com\/www.ukawesxnasacxhab.org\/wp-content\/uploads\/2021\/08\/TapScanner-05-08-2021-15.5522-scaled.jpg?ssl=1\" data-amp-layout=\"responsive\"\/><\/figure><\/div><\/div><\/div><\/div>\n","protected":false},"excerpt":{"rendered":"<p>Invita a todas las personas naturales y juridicas que cumplan con los requisitos a presentar sus propuestas. OBJETO DE LA CONVOCATORIA Contratar un profesional, t\u00e9cnico, tecn\u00f3logo en \u00e1reas sociales, econ\u00f3micas y afines para realizar de Capacitaci\u00f3n Fortalecimiento de la organizaci\u00f3n (visi\u00f3n, liderazgo, gesti\u00f3n de conflicto y plan de comunicaci\u00f3n interno) en el marco del proyecto [&hellip;]<\/p>\n","protected":false},"author":3,"featured_media":0,"comment_status":"closed","ping_status":"closed","sticky":false,"template":"","format":"standard","meta":{"h5ap_radio_sources":[],"footnotes":""},"categories":[1],"tags":[],"class_list":["post-1007","post","type-post","status-publish","format-standard","hentry","category-sin-categoria"],"_links":{"self":[{"href":"https:\/\/www.ukawesxnasacxhab.org\/index.php?rest_route=\/wp\/v2\/posts\/1007","targetHints":{"allow":["GET"]}}],"collection":[{"href":"https:\/\/www.ukawesxnasacxhab.org\/index.php?rest_route=\/wp\/v2\/posts"}],"about":[{"href":"https:\/\/www.ukawesxnasacxhab.org\/index.php?rest_route=\/wp\/v2\/types\/post"}],"author":[{"embeddable":true,"href":"https:\/\/www.ukawesxnasacxhab.org\/index.php?rest_route=\/wp\/v2\/users\/3"}],"replies":[{"embeddable":true,"href":"https:\/\/www.ukawesxnasacxhab.org\/index.php?rest_route=%2Fwp%2Fv2%2Fcomments&post=1007"}],"version-history":[{"count":1,"href":"https:\/\/www.ukawesxnasacxhab.org\/index.php?rest_route=\/wp\/v2\/posts\/1007\/revisions"}],"predecessor-version":[{"id":1011,"href":"https:\/\/www.ukawesxnasacxhab.org\/index.php?rest_route=\/wp\/v2\/posts\/1007\/revisions\/1011"}],"wp:attachment":[{"href":"https:\/\/www.ukawesxnasacxhab.org\/index.php?rest_route=%2Fwp%2Fv2%2Fmedia&parent=1007"}],"wp:term":[{"taxonomy":"category","embeddable":true,"href":"https:\/\/www.ukawesxnasacxhab.org\/index.php?rest_route=%2Fwp%2Fv2%2Fcategories&post=1007"},{"taxonomy":"post_tag","embeddable":true,"href":"https:\/\/www.ukawesxnasacxhab.org\/index.php?rest_route=%2Fwp%2Fv2%2Ftags&post=1007"}],"curies":[{"name":"wp","href":"https:\/\/api.w.org\/{rel}","templated":true}]}}