{"id":1012,"date":"2021-08-05T16:10:22","date_gmt":"2021-08-05T21:10:22","guid":{"rendered":"https:\/\/www.ukawesxnasacxhab.org\/?p=1012"},"modified":"2021-08-05T16:10:22","modified_gmt":"2021-08-05T21:10:22","slug":"la-asociacion-de-cabildos-indigenas-de-caldono-convoca-a-los-interesados-a-presentarse-en-la-siguiente-convocatoria","status":"publish","type":"post","link":"https:\/\/www.ukawesxnasacxhab.org\/?p=1012","title":{"rendered":"La Asociaci\u00f3n de Cabildos Ind\u00edgenas de Caldono convoca a los interesados a presentarse en la siguiente convocatoria."},"content":{"rendered":"\n<p>Invita a todas las personas naturales y jur\u00eddicas que cumplan con los requisitos a presentar sus propuestas.<\/p>\n\n\n\n<p>OBJETIVO DE LA CONVOCATORIA<\/p>\n\n\n\n<p>Contrataci\u00f3n de Profesional PGAS (profesional ambiental y con experiencia social), para ejecuci\u00f3n del Plan de Gesti\u00f3n Ambiental y Social PGAS, en el marco de la ejecuci\u00f3n del proyecto \u00abFORTALECIMIENTO DE LAS CAPACIDADES T\u00c9CNICAS PRODUCTIVAS, SOSTENIBLES Y ECON\u00d3MICAS DE LAS FAMILIAS INDIGENAS PRODUCTORAS DE MORA EN EL MUNICIPIO DE CALDONO, CAUCA\u00bb.<\/p>\n\n\n\n<div class=\"wp-block-jetpack-tiled-gallery aligncenter is-style-rectangular\"><div class=\"tiled-gallery__gallery\"><div class=\"tiled-gallery__row\"><div class=\"tiled-gallery__col\" style=\"flex-basis:32.39544%\"><figure class=\"tiled-gallery__item\"><img decoding=\"async\" alt=\"\" data-height=\"2560\" data-id=\"1013\" data-link=\"https:\/\/www.ukawesxnasacxhab.org\/?attachment_id=1013\" data-url=\"https:\/\/www.ukawesxnasacxhab.org\/wp-content\/uploads\/2021\/08\/TapScanner-05-08-2021-16.032-scaled.jpg\" data-width=\"2047\" src=\"https:\/\/i1.wp.com\/www.ukawesxnasacxhab.org\/wp-content\/uploads\/2021\/08\/TapScanner-05-08-2021-16.032-scaled.jpg?ssl=1\" data-amp-layout=\"responsive\"\/><\/figure><\/div><div class=\"tiled-gallery__col\" style=\"flex-basis:34.10880%\"><figure class=\"tiled-gallery__item\"><img decoding=\"async\" alt=\"\" data-height=\"2560\" data-id=\"1014\" data-link=\"https:\/\/www.ukawesxnasacxhab.org\/?attachment_id=1014\" data-url=\"https:\/\/www.ukawesxnasacxhab.org\/wp-content\/uploads\/2021\/08\/TapScanner-05-08-2021-16.0312-scaled.jpg\" data-width=\"2156\" src=\"https:\/\/i1.wp.com\/www.ukawesxnasacxhab.org\/wp-content\/uploads\/2021\/08\/TapScanner-05-08-2021-16.0312-scaled.jpg?ssl=1\" data-amp-layout=\"responsive\"\/><\/figure><\/div><div class=\"tiled-gallery__col\" style=\"flex-basis:33.49576%\"><figure class=\"tiled-gallery__item\"><img decoding=\"async\" alt=\"\" data-height=\"2560\" data-id=\"1015\" data-link=\"https:\/\/www.ukawesxnasacxhab.org\/?attachment_id=1015\" data-url=\"https:\/\/www.ukawesxnasacxhab.org\/wp-content\/uploads\/2021\/08\/TapScanner-05-08-2021-16.0322-scaled.jpg\" data-width=\"2117\" src=\"https:\/\/i1.wp.com\/www.ukawesxnasacxhab.org\/wp-content\/uploads\/2021\/08\/TapScanner-05-08-2021-16.0322-scaled.jpg?ssl=1\" data-amp-layout=\"responsive\"\/><\/figure><\/div><\/div><\/div><\/div>\n","protected":false},"excerpt":{"rendered":"<p>Invita a todas las personas naturales y jur\u00eddicas que cumplan con los requisitos a presentar sus propuestas. OBJETIVO DE LA CONVOCATORIA Contrataci\u00f3n de Profesional PGAS (profesional ambiental y con experiencia social), para ejecuci\u00f3n del Plan de Gesti\u00f3n Ambiental y Social PGAS, en el marco de la ejecuci\u00f3n del proyecto \u00abFORTALECIMIENTO DE LAS CAPACIDADES T\u00c9CNICAS PRODUCTIVAS, [&hellip;]<\/p>\n","protected":false},"author":3,"featured_media":0,"comment_status":"closed","ping_status":"closed","sticky":false,"template":"","format":"standard","meta":{"h5ap_radio_sources":[],"footnotes":""},"categories":[1],"tags":[],"class_list":["post-1012","post","type-post","status-publish","format-standard","hentry","category-sin-categoria"],"_links":{"self":[{"href":"https:\/\/www.ukawesxnasacxhab.org\/index.php?rest_route=\/wp\/v2\/posts\/1012","targetHints":{"allow":["GET"]}}],"collection":[{"href":"https:\/\/www.ukawesxnasacxhab.org\/index.php?rest_route=\/wp\/v2\/posts"}],"about":[{"href":"https:\/\/www.ukawesxnasacxhab.org\/index.php?rest_route=\/wp\/v2\/types\/post"}],"author":[{"embeddable":true,"href":"https:\/\/www.ukawesxnasacxhab.org\/index.php?rest_route=\/wp\/v2\/users\/3"}],"replies":[{"embeddable":true,"href":"https:\/\/www.ukawesxnasacxhab.org\/index.php?rest_route=%2Fwp%2Fv2%2Fcomments&post=1012"}],"version-history":[{"count":1,"href":"https:\/\/www.ukawesxnasacxhab.org\/index.php?rest_route=\/wp\/v2\/posts\/1012\/revisions"}],"predecessor-version":[{"id":1016,"href":"https:\/\/www.ukawesxnasacxhab.org\/index.php?rest_route=\/wp\/v2\/posts\/1012\/revisions\/1016"}],"wp:attachment":[{"href":"https:\/\/www.ukawesxnasacxhab.org\/index.php?rest_route=%2Fwp%2Fv2%2Fmedia&parent=1012"}],"wp:term":[{"taxonomy":"category","embeddable":true,"href":"https:\/\/www.ukawesxnasacxhab.org\/index.php?rest_route=%2Fwp%2Fv2%2Fcategories&post=1012"},{"taxonomy":"post_tag","embeddable":true,"href":"https:\/\/www.ukawesxnasacxhab.org\/index.php?rest_route=%2Fwp%2Fv2%2Ftags&post=1012"}],"curies":[{"name":"wp","href":"https:\/\/api.w.org\/{rel}","templated":true}]}}